{"id":7282,"date":"2025-07-28T19:56:39","date_gmt":"2025-07-28T22:56:39","guid":{"rendered":"https:\/\/www.clayss.org\/jovenes-solidarios-en-rio-negro-argentina\/"},"modified":"2025-07-28T20:03:06","modified_gmt":"2025-07-28T23:03:06","slug":"solidarity-youth-in-rio-negro-argentina","status":"publish","type":"post","link":"https:\/\/www.clayss.org\/en\/solidarity-youth-in-rio-negro-argentina\/","title":{"rendered":"Solidarity Youth in R\u00edo Negro, Argentina"},"content":{"rendered":"<p>The <strong>Centro de Ense\u00f1anza T\u00e9cnica N\u00b018<\/strong>, a technical secondary school, has been running two solidarity service-learning projects since 2015: <strong>PAS Braille<\/strong> and <strong>Bast\u00f3n Inclusivo<\/strong> [Inclusive Walking Stick].<\/p>\n<p>Both projects, led by the students and supported by their teacher, Jos\u00e9 Caro, were designed to address the need to promote the inclusion of blind and visually impaired people in their community.<\/p>\n<p>They created signage and signs in Braille to install them in public spaces and buildings in Villa Regina, according to the city regulations. From that first project launched in 2015, a second project has emerged in which students also make canes for the visually impaired and people with low vision and limited resources.<\/p>\n<p>Both projects won the <strong>Presidential Award &#8220;Solidarity Schools&#8221; 2024<\/strong> (<a href=\"https:\/\/www.argentina.gob.ar\/sites\/default\/files\/publicacion_de_finalistas_premio_presidencial_1.pdf%5bwebsiteinSpanish%5d\" target=\"_blank\" rel=\"noopener\">https:\/\/www.argentina.gob.ar\/sites\/default\/files\/publicacion_de_finalistas_premio_presidencial_1.pdf <\/a>) [website in Spanish]\n<p>For more information on the projects [in Spanish]: <a href=\"https:\/\/www.facebook.com\/groups\/ProyectoBraille\/?locale=es_LA\" target=\"_blank\" rel=\"noopener\">https:\/\/www.facebook.com\/groups\/ProyectoBraille\/?locale=es_LA<\/a><\/p>\n<p>\u00a0<\/p>\n<p><em>Photos: Facebook <\/em><em style=\"font-size: 14.4px;\">PAS Braille<\/em><\/p>\n","protected":false},"excerpt":{"rendered":"<p class=\"menu-idioma\"><a href=\"https:\/\/google.com\">Espa\u00f1ol<\/a><\/p>\n","protected":false},"author":4,"featured_media":7220,"comment_status":"closed","ping_status":"closed","sticky":false,"template":"","format":"standard","meta":{"_monsterinsights_skip_tracking":false,"_monsterinsights_sitenote_active":false,"_monsterinsights_sitenote_note":"","_monsterinsights_sitenote_category":0,"iawp_total_views":2,"footnotes":""},"categories":[30],"tags":[67,58],"class_list":["post-7282","post","type-post","status-publish","format-standard","has-post-thumbnail","hentry","category-home-en","tag-julio25-en","tag-noticia-en"],"yoast_head":"<!-- This site is optimized with the Yoast SEO plugin v27.5 - https:\/\/yoast.com\/product\/yoast-seo-wordpress\/ -->\n<title>Solidarity Youth in R\u00edo Negro, Argentina - CLAYSS<\/title>\n<meta name=\"robots\" content=\"index, follow, max-snippet:-1, max-image-preview:large, max-video-preview:-1\" \/>\n<link rel=\"canonical\" href=\"https:\/\/www.clayss.org\/en\/solidarity-youth-in-rio-negro-argentina\/\" \/>\n<meta property=\"og:locale\" content=\"en_US\" \/>\n<meta property=\"og:type\" content=\"article\" \/>\n<meta property=\"og:title\" content=\"Solidarity Youth in R\u00edo Negro, Argentina - CLAYSS\" \/>\n<meta property=\"og:description\" content=\"Espa\u00f1ol\" \/>\n<meta property=\"og:url\" content=\"https:\/\/www.clayss.org\/en\/solidarity-youth-in-rio-negro-argentina\/\" \/>\n<meta property=\"og:site_name\" content=\"CLAYSS\" \/>\n<meta property=\"article:published_time\" content=\"2025-07-28T22:56:39+00:00\" \/>\n<meta property=\"article:modified_time\" content=\"2025-07-28T23:03:06+00:00\" \/>\n<meta property=\"og:image\" content=\"https:\/\/www.clayss.org\/wp-content\/uploads\/2025\/07\/Jovenes-solidarios-julio.jpg\" \/>\n\t<meta property=\"og:image:width\" content=\"1080\" \/>\n\t<meta property=\"og:image:height\" content=\"1080\" \/>\n\t<meta property=\"og:image:type\" content=\"image\/jpeg\" \/>\n<meta name=\"author\" content=\"anita.clayss\" \/>\n<meta name=\"twitter:card\" content=\"summary_large_image\" \/>\n<meta name=\"twitter:label1\" content=\"Written by\" \/>\n\t<meta name=\"twitter:data1\" content=\"anita.clayss\" \/>\n\t<meta name=\"twitter:label2\" content=\"Est. reading time\" \/>\n\t<meta name=\"twitter:data2\" content=\"1 minute\" \/>\n<script type=\"application\/ld+json\" class=\"yoast-schema-graph\">{\"@context\":\"https:\\\/\\\/schema.org\",\"@graph\":[{\"@type\":\"Article\",\"@id\":\"https:\\\/\\\/www.clayss.org\\\/en\\\/solidarity-youth-in-rio-negro-argentina\\\/#article\",\"isPartOf\":{\"@id\":\"https:\\\/\\\/www.clayss.org\\\/en\\\/solidarity-youth-in-rio-negro-argentina\\\/\"},\"author\":{\"name\":\"anita.clayss\",\"@id\":\"https:\\\/\\\/www.clayss.org\\\/#\\\/schema\\\/person\\\/e99a1ee21cef58ec12b20a1616ee4882\"},\"headline\":\"Solidarity Youth in R\u00edo Negro, Argentina\",\"datePublished\":\"2025-07-28T22:56:39+00:00\",\"dateModified\":\"2025-07-28T23:03:06+00:00\",\"mainEntityOfPage\":{\"@id\":\"https:\\\/\\\/www.clayss.org\\\/en\\\/solidarity-youth-in-rio-negro-argentina\\\/\"},\"wordCount\":166,\"image\":{\"@id\":\"https:\\\/\\\/www.clayss.org\\\/en\\\/solidarity-youth-in-rio-negro-argentina\\\/#primaryimage\"},\"thumbnailUrl\":\"https:\\\/\\\/www.clayss.org\\\/wp-content\\\/uploads\\\/2025\\\/07\\\/Jovenes-solidarios-julio.jpg\",\"keywords\":[\"julio25\",\"noticia\"],\"articleSection\":[\"home\"],\"inLanguage\":\"en-US\"},{\"@type\":\"WebPage\",\"@id\":\"https:\\\/\\\/www.clayss.org\\\/en\\\/solidarity-youth-in-rio-negro-argentina\\\/\",\"url\":\"https:\\\/\\\/www.clayss.org\\\/en\\\/solidarity-youth-in-rio-negro-argentina\\\/\",\"name\":\"Solidarity Youth in R\u00edo Negro, Argentina - CLAYSS\",\"isPartOf\":{\"@id\":\"https:\\\/\\\/www.clayss.org\\\/#website\"},\"primaryImageOfPage\":{\"@id\":\"https:\\\/\\\/www.clayss.org\\\/en\\\/solidarity-youth-in-rio-negro-argentina\\\/#primaryimage\"},\"image\":{\"@id\":\"https:\\\/\\\/www.clayss.org\\\/en\\\/solidarity-youth-in-rio-negro-argentina\\\/#primaryimage\"},\"thumbnailUrl\":\"https:\\\/\\\/www.clayss.org\\\/wp-content\\\/uploads\\\/2025\\\/07\\\/Jovenes-solidarios-julio.jpg\",\"datePublished\":\"2025-07-28T22:56:39+00:00\",\"dateModified\":\"2025-07-28T23:03:06+00:00\",\"author\":{\"@id\":\"https:\\\/\\\/www.clayss.org\\\/#\\\/schema\\\/person\\\/e99a1ee21cef58ec12b20a1616ee4882\"},\"breadcrumb\":{\"@id\":\"https:\\\/\\\/www.clayss.org\\\/en\\\/solidarity-youth-in-rio-negro-argentina\\\/#breadcrumb\"},\"inLanguage\":\"en-US\",\"potentialAction\":[{\"@type\":\"ReadAction\",\"target\":[\"https:\\\/\\\/www.clayss.org\\\/en\\\/solidarity-youth-in-rio-negro-argentina\\\/\"]}]},{\"@type\":\"ImageObject\",\"inLanguage\":\"en-US\",\"@id\":\"https:\\\/\\\/www.clayss.org\\\/en\\\/solidarity-youth-in-rio-negro-argentina\\\/#primaryimage\",\"url\":\"https:\\\/\\\/www.clayss.org\\\/wp-content\\\/uploads\\\/2025\\\/07\\\/Jovenes-solidarios-julio.jpg\",\"contentUrl\":\"https:\\\/\\\/www.clayss.org\\\/wp-content\\\/uploads\\\/2025\\\/07\\\/Jovenes-solidarios-julio.jpg\",\"width\":1080,\"height\":1080},{\"@type\":\"BreadcrumbList\",\"@id\":\"https:\\\/\\\/www.clayss.org\\\/en\\\/solidarity-youth-in-rio-negro-argentina\\\/#breadcrumb\",\"itemListElement\":[{\"@type\":\"ListItem\",\"position\":1,\"name\":\"Portada\",\"item\":\"https:\\\/\\\/www.clayss.org\\\/en\\\/\"},{\"@type\":\"ListItem\",\"position\":2,\"name\":\"Solidarity Youth in R\u00edo Negro, Argentina\"}]},{\"@type\":\"WebSite\",\"@id\":\"https:\\\/\\\/www.clayss.org\\\/#website\",\"url\":\"https:\\\/\\\/www.clayss.org\\\/\",\"name\":\"CLAYSS\",\"description\":\"\",\"potentialAction\":[{\"@type\":\"SearchAction\",\"target\":{\"@type\":\"EntryPoint\",\"urlTemplate\":\"https:\\\/\\\/www.clayss.org\\\/?s={search_term_string}\"},\"query-input\":{\"@type\":\"PropertyValueSpecification\",\"valueRequired\":true,\"valueName\":\"search_term_string\"}}],\"inLanguage\":\"en-US\"},{\"@type\":\"Person\",\"@id\":\"https:\\\/\\\/www.clayss.org\\\/#\\\/schema\\\/person\\\/e99a1ee21cef58ec12b20a1616ee4882\",\"name\":\"anita.clayss\",\"image\":{\"@type\":\"ImageObject\",\"inLanguage\":\"en-US\",\"@id\":\"https:\\\/\\\/secure.gravatar.com\\\/avatar\\\/12dbb5d01c1986ae17e9d5b585f86ce161c3de8bd4620f738a8c00716fb81200?s=96&d=mm&r=g\",\"url\":\"https:\\\/\\\/secure.gravatar.com\\\/avatar\\\/12dbb5d01c1986ae17e9d5b585f86ce161c3de8bd4620f738a8c00716fb81200?s=96&d=mm&r=g\",\"contentUrl\":\"https:\\\/\\\/secure.gravatar.com\\\/avatar\\\/12dbb5d01c1986ae17e9d5b585f86ce161c3de8bd4620f738a8c00716fb81200?s=96&d=mm&r=g\",\"caption\":\"anita.clayss\"},\"url\":\"https:\\\/\\\/www.clayss.org\\\/en\\\/author\\\/anita-clayss\\\/\"}]}<\/script>\n<!-- \/ Yoast SEO plugin. -->","yoast_head_json":{"title":"Solidarity Youth in R\u00edo Negro, Argentina - CLAYSS","robots":{"index":"index","follow":"follow","max-snippet":"max-snippet:-1","max-image-preview":"max-image-preview:large","max-video-preview":"max-video-preview:-1"},"canonical":"https:\/\/www.clayss.org\/en\/solidarity-youth-in-rio-negro-argentina\/","og_locale":"en_US","og_type":"article","og_title":"Solidarity Youth in R\u00edo Negro, Argentina - CLAYSS","og_description":"Espa\u00f1ol","og_url":"https:\/\/www.clayss.org\/en\/solidarity-youth-in-rio-negro-argentina\/","og_site_name":"CLAYSS","article_published_time":"2025-07-28T22:56:39+00:00","article_modified_time":"2025-07-28T23:03:06+00:00","og_image":[{"width":1080,"height":1080,"url":"https:\/\/www.clayss.org\/wp-content\/uploads\/2025\/07\/Jovenes-solidarios-julio.jpg","type":"image\/jpeg"}],"author":"anita.clayss","twitter_card":"summary_large_image","twitter_misc":{"Written by":"anita.clayss","Est. reading time":"1 minute"},"schema":{"@context":"https:\/\/schema.org","@graph":[{"@type":"Article","@id":"https:\/\/www.clayss.org\/en\/solidarity-youth-in-rio-negro-argentina\/#article","isPartOf":{"@id":"https:\/\/www.clayss.org\/en\/solidarity-youth-in-rio-negro-argentina\/"},"author":{"name":"anita.clayss","@id":"https:\/\/www.clayss.org\/#\/schema\/person\/e99a1ee21cef58ec12b20a1616ee4882"},"headline":"Solidarity Youth in R\u00edo Negro, Argentina","datePublished":"2025-07-28T22:56:39+00:00","dateModified":"2025-07-28T23:03:06+00:00","mainEntityOfPage":{"@id":"https:\/\/www.clayss.org\/en\/solidarity-youth-in-rio-negro-argentina\/"},"wordCount":166,"image":{"@id":"https:\/\/www.clayss.org\/en\/solidarity-youth-in-rio-negro-argentina\/#primaryimage"},"thumbnailUrl":"https:\/\/www.clayss.org\/wp-content\/uploads\/2025\/07\/Jovenes-solidarios-julio.jpg","keywords":["julio25","noticia"],"articleSection":["home"],"inLanguage":"en-US"},{"@type":"WebPage","@id":"https:\/\/www.clayss.org\/en\/solidarity-youth-in-rio-negro-argentina\/","url":"https:\/\/www.clayss.org\/en\/solidarity-youth-in-rio-negro-argentina\/","name":"Solidarity Youth in R\u00edo Negro, Argentina - CLAYSS","isPartOf":{"@id":"https:\/\/www.clayss.org\/#website"},"primaryImageOfPage":{"@id":"https:\/\/www.clayss.org\/en\/solidarity-youth-in-rio-negro-argentina\/#primaryimage"},"image":{"@id":"https:\/\/www.clayss.org\/en\/solidarity-youth-in-rio-negro-argentina\/#primaryimage"},"thumbnailUrl":"https:\/\/www.clayss.org\/wp-content\/uploads\/2025\/07\/Jovenes-solidarios-julio.jpg","datePublished":"2025-07-28T22:56:39+00:00","dateModified":"2025-07-28T23:03:06+00:00","author":{"@id":"https:\/\/www.clayss.org\/#\/schema\/person\/e99a1ee21cef58ec12b20a1616ee4882"},"breadcrumb":{"@id":"https:\/\/www.clayss.org\/en\/solidarity-youth-in-rio-negro-argentina\/#breadcrumb"},"inLanguage":"en-US","potentialAction":[{"@type":"ReadAction","target":["https:\/\/www.clayss.org\/en\/solidarity-youth-in-rio-negro-argentina\/"]}]},{"@type":"ImageObject","inLanguage":"en-US","@id":"https:\/\/www.clayss.org\/en\/solidarity-youth-in-rio-negro-argentina\/#primaryimage","url":"https:\/\/www.clayss.org\/wp-content\/uploads\/2025\/07\/Jovenes-solidarios-julio.jpg","contentUrl":"https:\/\/www.clayss.org\/wp-content\/uploads\/2025\/07\/Jovenes-solidarios-julio.jpg","width":1080,"height":1080},{"@type":"BreadcrumbList","@id":"https:\/\/www.clayss.org\/en\/solidarity-youth-in-rio-negro-argentina\/#breadcrumb","itemListElement":[{"@type":"ListItem","position":1,"name":"Portada","item":"https:\/\/www.clayss.org\/en\/"},{"@type":"ListItem","position":2,"name":"Solidarity Youth in R\u00edo Negro, Argentina"}]},{"@type":"WebSite","@id":"https:\/\/www.clayss.org\/#website","url":"https:\/\/www.clayss.org\/","name":"CLAYSS","description":"","potentialAction":[{"@type":"SearchAction","target":{"@type":"EntryPoint","urlTemplate":"https:\/\/www.clayss.org\/?s={search_term_string}"},"query-input":{"@type":"PropertyValueSpecification","valueRequired":true,"valueName":"search_term_string"}}],"inLanguage":"en-US"},{"@type":"Person","@id":"https:\/\/www.clayss.org\/#\/schema\/person\/e99a1ee21cef58ec12b20a1616ee4882","name":"anita.clayss","image":{"@type":"ImageObject","inLanguage":"en-US","@id":"https:\/\/secure.gravatar.com\/avatar\/12dbb5d01c1986ae17e9d5b585f86ce161c3de8bd4620f738a8c00716fb81200?s=96&d=mm&r=g","url":"https:\/\/secure.gravatar.com\/avatar\/12dbb5d01c1986ae17e9d5b585f86ce161c3de8bd4620f738a8c00716fb81200?s=96&d=mm&r=g","contentUrl":"https:\/\/secure.gravatar.com\/avatar\/12dbb5d01c1986ae17e9d5b585f86ce161c3de8bd4620f738a8c00716fb81200?s=96&d=mm&r=g","caption":"anita.clayss"},"url":"https:\/\/www.clayss.org\/en\/author\/anita-clayss\/"}]}},"_links":{"self":[{"href":"https:\/\/www.clayss.org\/en\/wp-json\/wp\/v2\/posts\/7282","targetHints":{"allow":["GET"]}}],"collection":[{"href":"https:\/\/www.clayss.org\/en\/wp-json\/wp\/v2\/posts"}],"about":[{"href":"https:\/\/www.clayss.org\/en\/wp-json\/wp\/v2\/types\/post"}],"author":[{"embeddable":true,"href":"https:\/\/www.clayss.org\/en\/wp-json\/wp\/v2\/users\/4"}],"replies":[{"embeddable":true,"href":"https:\/\/www.clayss.org\/en\/wp-json\/wp\/v2\/comments?post=7282"}],"version-history":[{"count":2,"href":"https:\/\/www.clayss.org\/en\/wp-json\/wp\/v2\/posts\/7282\/revisions"}],"predecessor-version":[{"id":7284,"href":"https:\/\/www.clayss.org\/en\/wp-json\/wp\/v2\/posts\/7282\/revisions\/7284"}],"wp:featuredmedia":[{"embeddable":true,"href":"https:\/\/www.clayss.org\/en\/wp-json\/wp\/v2\/media\/7220"}],"wp:attachment":[{"href":"https:\/\/www.clayss.org\/en\/wp-json\/wp\/v2\/media?parent=7282"}],"wp:term":[{"taxonomy":"category","embeddable":true,"href":"https:\/\/www.clayss.org\/en\/wp-json\/wp\/v2\/categories?post=7282"},{"taxonomy":"post_tag","embeddable":true,"href":"https:\/\/www.clayss.org\/en\/wp-json\/wp\/v2\/tags?post=7282"}],"curies":[{"name":"wp","href":"https:\/\/api.w.org\/{rel}","templated":true}]}}