{"id":7117,"date":"2025-06-27T12:52:49","date_gmt":"2025-06-27T15:52:49","guid":{"rendered":"https:\/\/www.clayss.org\/?p=7117"},"modified":"2025-06-27T12:53:50","modified_gmt":"2025-06-27T15:53:50","slug":"service-learning-in-cordoba-a-collective-initiative","status":"publish","type":"post","link":"https:\/\/www.clayss.org\/en\/service-learning-in-cordoba-a-collective-initiative\/","title":{"rendered":"Service-Learning in C\u00f3rdoba: A Collective Initiative"},"content":{"rendered":"<p>On 13th June, the workshop <strong><em>Del aula a la comunidad: la pedagog\u00eda del aprendizaje-servicio solidario [From classroom to community: the solidarity service-learning pedagogy]<\/em><\/strong> was held in the town of Las Varillas, in the province of C\u00f3rdoba, Argentina. This training and collaborative event was organized by CLAYSS and Junta de Educaci\u00f3n Cat\u00f3lica de San Francisco (the Catholic Education Board of San Francisco).<\/p>\n<p>Coordinated by Daniela Gargantini, it brought together more than 30 teachers and administrators from pre-primary, primary and secondary schools in the region, who explored the fundamentals of solidarity service-learning (SSL) as a transformative pedagogical approach.<\/p>\n<p>Participants reflected on their practices and institutional challenges and, collectively designed possible solidarity projects based on the reality of their school communities, using basic conceptual and methodological tools. The activity not only promoted the exchange of experiences but also strengthened the commitment to a more meaningful, participatory education towards the common good.<\/p>\n<p><strong>\u00a0<\/strong><\/p>\n<div class=\"row\"  id=\"row-450531754\">\n\n\t<div id=\"col-1079624235\" class=\"col medium-4 small-12 large-4\"  >\n\t\t\t\t<div class=\"col-inner\"  >\n\t\t\t\n\t\t\t\n\t<div class=\"img has-hover x md-x lg-x y md-y lg-y\" id=\"image_1901952843\">\n\t\t\t\t\t\t\t\t<div class=\"img-inner dark\" >\n\t\t\t<img loading=\"lazy\" decoding=\"async\" width=\"1020\" height=\"765\" src=\"https:\/\/www.clayss.org\/wp-content\/uploads\/2025\/06\/Cordoba-3-1024x768.jpeg\" class=\"attachment-large size-large\" alt=\"\" srcset=\"https:\/\/www.clayss.org\/wp-content\/uploads\/2025\/06\/Cordoba-3-1024x768.jpeg 1024w, https:\/\/www.clayss.org\/wp-content\/uploads\/2025\/06\/Cordoba-3-500x375.jpeg 500w, https:\/\/www.clayss.org\/wp-content\/uploads\/2025\/06\/Cordoba-3-768x576.jpeg 768w, https:\/\/www.clayss.org\/wp-content\/uploads\/2025\/06\/Cordoba-3-1536x1152.jpeg 1536w, https:\/\/www.clayss.org\/wp-content\/uploads\/2025\/06\/Cordoba-3.jpeg 1600w\" sizes=\"auto, (max-width: 1020px) 100vw, 1020px\" \/>\t\t\t\t\t\t\n\t\t\t\t\t<\/div>\n\t\t\t\t\t\t\t\t\n<style>\n#image_1901952843 {\n  width: 100%;\n}\n<\/style>\n\t<\/div>\n\t\n\t\t<\/div>\n\t\t\t\t\t<\/div>\n\n\t\n\n\t<div id=\"col-1057131958\" class=\"col medium-4 small-12 large-4\"  >\n\t\t\t\t<div class=\"col-inner\"  >\n\t\t\t\n\t\t\t\n\t<div class=\"img has-hover x md-x lg-x y md-y lg-y\" id=\"image_47403299\">\n\t\t\t\t\t\t\t\t<div class=\"img-inner dark\" >\n\t\t\t<img loading=\"lazy\" decoding=\"async\" width=\"1020\" height=\"765\" src=\"https:\/\/www.clayss.org\/wp-content\/uploads\/2025\/06\/Cordoba-2-1024x768.jpeg\" class=\"attachment-large size-large\" alt=\"\" srcset=\"https:\/\/www.clayss.org\/wp-content\/uploads\/2025\/06\/Cordoba-2-1024x768.jpeg 1024w, https:\/\/www.clayss.org\/wp-content\/uploads\/2025\/06\/Cordoba-2-500x375.jpeg 500w, https:\/\/www.clayss.org\/wp-content\/uploads\/2025\/06\/Cordoba-2-768x576.jpeg 768w, https:\/\/www.clayss.org\/wp-content\/uploads\/2025\/06\/Cordoba-2-1536x1152.jpeg 1536w, https:\/\/www.clayss.org\/wp-content\/uploads\/2025\/06\/Cordoba-2.jpeg 1600w\" sizes=\"auto, (max-width: 1020px) 100vw, 1020px\" \/>\t\t\t\t\t\t\n\t\t\t\t\t<\/div>\n\t\t\t\t\t\t\t\t\n<style>\n#image_47403299 {\n  width: 100%;\n}\n<\/style>\n\t<\/div>\n\t\n\t\t<\/div>\n\t\t\t\t\t<\/div>\n\n\t\n\n\t<div id=\"col-82468695\" class=\"col medium-4 small-12 large-4\"  >\n\t\t\t\t<div class=\"col-inner\"  >\n\t\t\t\n\t\t\t\n\t<div class=\"img has-hover x md-x lg-x y md-y lg-y\" id=\"image_1381250993\">\n\t\t\t\t\t\t\t\t<div class=\"img-inner dark\" >\n\t\t\t<img loading=\"lazy\" decoding=\"async\" width=\"1020\" height=\"765\" src=\"https:\/\/www.clayss.org\/wp-content\/uploads\/2025\/06\/Cordoba-1-1024x768.jpeg\" class=\"attachment-large size-large\" alt=\"\" srcset=\"https:\/\/www.clayss.org\/wp-content\/uploads\/2025\/06\/Cordoba-1-1024x768.jpeg 1024w, https:\/\/www.clayss.org\/wp-content\/uploads\/2025\/06\/Cordoba-1-500x375.jpeg 500w, https:\/\/www.clayss.org\/wp-content\/uploads\/2025\/06\/Cordoba-1-768x576.jpeg 768w, https:\/\/www.clayss.org\/wp-content\/uploads\/2025\/06\/Cordoba-1.jpeg 1280w\" sizes=\"auto, (max-width: 1020px) 100vw, 1020px\" \/>\t\t\t\t\t\t\n\t\t\t\t\t<\/div>\n\t\t\t\t\t\t\t\t\n<style>\n#image_1381250993 {\n  width: 100%;\n}\n<\/style>\n\t<\/div>\n\t\n\t\t<\/div>\n\t\t\t\t\t<\/div>\n\n\t\n<\/div>\n","protected":false},"excerpt":{"rendered":"<p class=\"menu-idioma\"><a href=\"https:\/\/google.com\">Espa\u00f1ol<\/a><\/p>\n","protected":false},"author":4,"featured_media":6986,"comment_status":"closed","ping_status":"closed","sticky":false,"template":"","format":"standard","meta":{"_monsterinsights_skip_tracking":false,"_monsterinsights_sitenote_active":false,"_monsterinsights_sitenote_note":"","_monsterinsights_sitenote_category":0,"iawp_total_views":3,"footnotes":""},"categories":[30],"tags":[65,58],"class_list":["post-7117","post","type-post","status-publish","format-standard","has-post-thumbnail","hentry","category-home-en","tag-junio25-en","tag-noticia-en"],"yoast_head":"<!-- This site is optimized with the Yoast SEO plugin v27.5 - https:\/\/yoast.com\/product\/yoast-seo-wordpress\/ -->\n<title>Service-Learning in C\u00f3rdoba: A Collective Initiative - CLAYSS<\/title>\n<meta name=\"robots\" content=\"index, follow, max-snippet:-1, max-image-preview:large, max-video-preview:-1\" \/>\n<link rel=\"canonical\" href=\"https:\/\/www.clayss.org\/en\/service-learning-in-cordoba-a-collective-initiative\/\" \/>\n<meta property=\"og:locale\" content=\"en_US\" \/>\n<meta property=\"og:type\" content=\"article\" \/>\n<meta property=\"og:title\" content=\"Service-Learning in C\u00f3rdoba: A Collective Initiative - CLAYSS\" \/>\n<meta property=\"og:description\" content=\"Espa\u00f1ol\" \/>\n<meta property=\"og:url\" content=\"https:\/\/www.clayss.org\/en\/service-learning-in-cordoba-a-collective-initiative\/\" \/>\n<meta property=\"og:site_name\" content=\"CLAYSS\" \/>\n<meta property=\"article:published_time\" content=\"2025-06-27T15:52:49+00:00\" \/>\n<meta property=\"article:modified_time\" content=\"2025-06-27T15:53:50+00:00\" \/>\n<meta property=\"og:image\" content=\"https:\/\/www.clayss.org\/wp-content\/uploads\/2025\/06\/Cordoba-1024x1024.png\" \/>\n\t<meta property=\"og:image:width\" content=\"1024\" \/>\n\t<meta property=\"og:image:height\" content=\"1024\" \/>\n\t<meta property=\"og:image:type\" content=\"image\/png\" \/>\n<meta name=\"author\" content=\"anita.clayss\" \/>\n<meta name=\"twitter:card\" content=\"summary_large_image\" \/>\n<meta name=\"twitter:label1\" content=\"Written by\" \/>\n\t<meta name=\"twitter:data1\" content=\"anita.clayss\" \/>\n\t<meta name=\"twitter:label2\" content=\"Est. reading time\" \/>\n\t<meta name=\"twitter:data2\" content=\"2 minutes\" \/>\n<script type=\"application\/ld+json\" class=\"yoast-schema-graph\">{\"@context\":\"https:\\\/\\\/schema.org\",\"@graph\":[{\"@type\":\"Article\",\"@id\":\"https:\\\/\\\/www.clayss.org\\\/en\\\/service-learning-in-cordoba-a-collective-initiative\\\/#article\",\"isPartOf\":{\"@id\":\"https:\\\/\\\/www.clayss.org\\\/en\\\/service-learning-in-cordoba-a-collective-initiative\\\/\"},\"author\":{\"name\":\"anita.clayss\",\"@id\":\"https:\\\/\\\/www.clayss.org\\\/#\\\/schema\\\/person\\\/e99a1ee21cef58ec12b20a1616ee4882\"},\"headline\":\"Service-Learning in C\u00f3rdoba: A Collective Initiative\",\"datePublished\":\"2025-06-27T15:52:49+00:00\",\"dateModified\":\"2025-06-27T15:53:50+00:00\",\"mainEntityOfPage\":{\"@id\":\"https:\\\/\\\/www.clayss.org\\\/en\\\/service-learning-in-cordoba-a-collective-initiative\\\/\"},\"wordCount\":184,\"image\":{\"@id\":\"https:\\\/\\\/www.clayss.org\\\/en\\\/service-learning-in-cordoba-a-collective-initiative\\\/#primaryimage\"},\"thumbnailUrl\":\"https:\\\/\\\/www.clayss.org\\\/wp-content\\\/uploads\\\/2025\\\/06\\\/Cordoba.png\",\"keywords\":[\"junio25\",\"noticia\"],\"articleSection\":[\"home\"],\"inLanguage\":\"en-US\"},{\"@type\":\"WebPage\",\"@id\":\"https:\\\/\\\/www.clayss.org\\\/en\\\/service-learning-in-cordoba-a-collective-initiative\\\/\",\"url\":\"https:\\\/\\\/www.clayss.org\\\/en\\\/service-learning-in-cordoba-a-collective-initiative\\\/\",\"name\":\"Service-Learning in C\u00f3rdoba: A Collective Initiative - CLAYSS\",\"isPartOf\":{\"@id\":\"https:\\\/\\\/www.clayss.org\\\/#website\"},\"primaryImageOfPage\":{\"@id\":\"https:\\\/\\\/www.clayss.org\\\/en\\\/service-learning-in-cordoba-a-collective-initiative\\\/#primaryimage\"},\"image\":{\"@id\":\"https:\\\/\\\/www.clayss.org\\\/en\\\/service-learning-in-cordoba-a-collective-initiative\\\/#primaryimage\"},\"thumbnailUrl\":\"https:\\\/\\\/www.clayss.org\\\/wp-content\\\/uploads\\\/2025\\\/06\\\/Cordoba.png\",\"datePublished\":\"2025-06-27T15:52:49+00:00\",\"dateModified\":\"2025-06-27T15:53:50+00:00\",\"author\":{\"@id\":\"https:\\\/\\\/www.clayss.org\\\/#\\\/schema\\\/person\\\/e99a1ee21cef58ec12b20a1616ee4882\"},\"breadcrumb\":{\"@id\":\"https:\\\/\\\/www.clayss.org\\\/en\\\/service-learning-in-cordoba-a-collective-initiative\\\/#breadcrumb\"},\"inLanguage\":\"en-US\",\"potentialAction\":[{\"@type\":\"ReadAction\",\"target\":[\"https:\\\/\\\/www.clayss.org\\\/en\\\/service-learning-in-cordoba-a-collective-initiative\\\/\"]}]},{\"@type\":\"ImageObject\",\"inLanguage\":\"en-US\",\"@id\":\"https:\\\/\\\/www.clayss.org\\\/en\\\/service-learning-in-cordoba-a-collective-initiative\\\/#primaryimage\",\"url\":\"https:\\\/\\\/www.clayss.org\\\/wp-content\\\/uploads\\\/2025\\\/06\\\/Cordoba.png\",\"contentUrl\":\"https:\\\/\\\/www.clayss.org\\\/wp-content\\\/uploads\\\/2025\\\/06\\\/Cordoba.png\",\"width\":1080,\"height\":1080},{\"@type\":\"BreadcrumbList\",\"@id\":\"https:\\\/\\\/www.clayss.org\\\/en\\\/service-learning-in-cordoba-a-collective-initiative\\\/#breadcrumb\",\"itemListElement\":[{\"@type\":\"ListItem\",\"position\":1,\"name\":\"Portada\",\"item\":\"https:\\\/\\\/www.clayss.org\\\/en\\\/\"},{\"@type\":\"ListItem\",\"position\":2,\"name\":\"Service-Learning in C\u00f3rdoba: A Collective Initiative\"}]},{\"@type\":\"WebSite\",\"@id\":\"https:\\\/\\\/www.clayss.org\\\/#website\",\"url\":\"https:\\\/\\\/www.clayss.org\\\/\",\"name\":\"CLAYSS\",\"description\":\"\",\"potentialAction\":[{\"@type\":\"SearchAction\",\"target\":{\"@type\":\"EntryPoint\",\"urlTemplate\":\"https:\\\/\\\/www.clayss.org\\\/?s={search_term_string}\"},\"query-input\":{\"@type\":\"PropertyValueSpecification\",\"valueRequired\":true,\"valueName\":\"search_term_string\"}}],\"inLanguage\":\"en-US\"},{\"@type\":\"Person\",\"@id\":\"https:\\\/\\\/www.clayss.org\\\/#\\\/schema\\\/person\\\/e99a1ee21cef58ec12b20a1616ee4882\",\"name\":\"anita.clayss\",\"image\":{\"@type\":\"ImageObject\",\"inLanguage\":\"en-US\",\"@id\":\"https:\\\/\\\/secure.gravatar.com\\\/avatar\\\/12dbb5d01c1986ae17e9d5b585f86ce161c3de8bd4620f738a8c00716fb81200?s=96&d=mm&r=g\",\"url\":\"https:\\\/\\\/secure.gravatar.com\\\/avatar\\\/12dbb5d01c1986ae17e9d5b585f86ce161c3de8bd4620f738a8c00716fb81200?s=96&d=mm&r=g\",\"contentUrl\":\"https:\\\/\\\/secure.gravatar.com\\\/avatar\\\/12dbb5d01c1986ae17e9d5b585f86ce161c3de8bd4620f738a8c00716fb81200?s=96&d=mm&r=g\",\"caption\":\"anita.clayss\"},\"url\":\"https:\\\/\\\/www.clayss.org\\\/en\\\/author\\\/anita-clayss\\\/\"}]}<\/script>\n<!-- \/ Yoast SEO plugin. -->","yoast_head_json":{"title":"Service-Learning in C\u00f3rdoba: A Collective Initiative - CLAYSS","robots":{"index":"index","follow":"follow","max-snippet":"max-snippet:-1","max-image-preview":"max-image-preview:large","max-video-preview":"max-video-preview:-1"},"canonical":"https:\/\/www.clayss.org\/en\/service-learning-in-cordoba-a-collective-initiative\/","og_locale":"en_US","og_type":"article","og_title":"Service-Learning in C\u00f3rdoba: A Collective Initiative - CLAYSS","og_description":"Espa\u00f1ol","og_url":"https:\/\/www.clayss.org\/en\/service-learning-in-cordoba-a-collective-initiative\/","og_site_name":"CLAYSS","article_published_time":"2025-06-27T15:52:49+00:00","article_modified_time":"2025-06-27T15:53:50+00:00","og_image":[{"width":1024,"height":1024,"url":"https:\/\/www.clayss.org\/wp-content\/uploads\/2025\/06\/Cordoba-1024x1024.png","type":"image\/png"}],"author":"anita.clayss","twitter_card":"summary_large_image","twitter_misc":{"Written by":"anita.clayss","Est. reading time":"2 minutes"},"schema":{"@context":"https:\/\/schema.org","@graph":[{"@type":"Article","@id":"https:\/\/www.clayss.org\/en\/service-learning-in-cordoba-a-collective-initiative\/#article","isPartOf":{"@id":"https:\/\/www.clayss.org\/en\/service-learning-in-cordoba-a-collective-initiative\/"},"author":{"name":"anita.clayss","@id":"https:\/\/www.clayss.org\/#\/schema\/person\/e99a1ee21cef58ec12b20a1616ee4882"},"headline":"Service-Learning in C\u00f3rdoba: A Collective Initiative","datePublished":"2025-06-27T15:52:49+00:00","dateModified":"2025-06-27T15:53:50+00:00","mainEntityOfPage":{"@id":"https:\/\/www.clayss.org\/en\/service-learning-in-cordoba-a-collective-initiative\/"},"wordCount":184,"image":{"@id":"https:\/\/www.clayss.org\/en\/service-learning-in-cordoba-a-collective-initiative\/#primaryimage"},"thumbnailUrl":"https:\/\/www.clayss.org\/wp-content\/uploads\/2025\/06\/Cordoba.png","keywords":["junio25","noticia"],"articleSection":["home"],"inLanguage":"en-US"},{"@type":"WebPage","@id":"https:\/\/www.clayss.org\/en\/service-learning-in-cordoba-a-collective-initiative\/","url":"https:\/\/www.clayss.org\/en\/service-learning-in-cordoba-a-collective-initiative\/","name":"Service-Learning in C\u00f3rdoba: A Collective Initiative - CLAYSS","isPartOf":{"@id":"https:\/\/www.clayss.org\/#website"},"primaryImageOfPage":{"@id":"https:\/\/www.clayss.org\/en\/service-learning-in-cordoba-a-collective-initiative\/#primaryimage"},"image":{"@id":"https:\/\/www.clayss.org\/en\/service-learning-in-cordoba-a-collective-initiative\/#primaryimage"},"thumbnailUrl":"https:\/\/www.clayss.org\/wp-content\/uploads\/2025\/06\/Cordoba.png","datePublished":"2025-06-27T15:52:49+00:00","dateModified":"2025-06-27T15:53:50+00:00","author":{"@id":"https:\/\/www.clayss.org\/#\/schema\/person\/e99a1ee21cef58ec12b20a1616ee4882"},"breadcrumb":{"@id":"https:\/\/www.clayss.org\/en\/service-learning-in-cordoba-a-collective-initiative\/#breadcrumb"},"inLanguage":"en-US","potentialAction":[{"@type":"ReadAction","target":["https:\/\/www.clayss.org\/en\/service-learning-in-cordoba-a-collective-initiative\/"]}]},{"@type":"ImageObject","inLanguage":"en-US","@id":"https:\/\/www.clayss.org\/en\/service-learning-in-cordoba-a-collective-initiative\/#primaryimage","url":"https:\/\/www.clayss.org\/wp-content\/uploads\/2025\/06\/Cordoba.png","contentUrl":"https:\/\/www.clayss.org\/wp-content\/uploads\/2025\/06\/Cordoba.png","width":1080,"height":1080},{"@type":"BreadcrumbList","@id":"https:\/\/www.clayss.org\/en\/service-learning-in-cordoba-a-collective-initiative\/#breadcrumb","itemListElement":[{"@type":"ListItem","position":1,"name":"Portada","item":"https:\/\/www.clayss.org\/en\/"},{"@type":"ListItem","position":2,"name":"Service-Learning in C\u00f3rdoba: A Collective Initiative"}]},{"@type":"WebSite","@id":"https:\/\/www.clayss.org\/#website","url":"https:\/\/www.clayss.org\/","name":"CLAYSS","description":"","potentialAction":[{"@type":"SearchAction","target":{"@type":"EntryPoint","urlTemplate":"https:\/\/www.clayss.org\/?s={search_term_string}"},"query-input":{"@type":"PropertyValueSpecification","valueRequired":true,"valueName":"search_term_string"}}],"inLanguage":"en-US"},{"@type":"Person","@id":"https:\/\/www.clayss.org\/#\/schema\/person\/e99a1ee21cef58ec12b20a1616ee4882","name":"anita.clayss","image":{"@type":"ImageObject","inLanguage":"en-US","@id":"https:\/\/secure.gravatar.com\/avatar\/12dbb5d01c1986ae17e9d5b585f86ce161c3de8bd4620f738a8c00716fb81200?s=96&d=mm&r=g","url":"https:\/\/secure.gravatar.com\/avatar\/12dbb5d01c1986ae17e9d5b585f86ce161c3de8bd4620f738a8c00716fb81200?s=96&d=mm&r=g","contentUrl":"https:\/\/secure.gravatar.com\/avatar\/12dbb5d01c1986ae17e9d5b585f86ce161c3de8bd4620f738a8c00716fb81200?s=96&d=mm&r=g","caption":"anita.clayss"},"url":"https:\/\/www.clayss.org\/en\/author\/anita-clayss\/"}]}},"_links":{"self":[{"href":"https:\/\/www.clayss.org\/en\/wp-json\/wp\/v2\/posts\/7117","targetHints":{"allow":["GET"]}}],"collection":[{"href":"https:\/\/www.clayss.org\/en\/wp-json\/wp\/v2\/posts"}],"about":[{"href":"https:\/\/www.clayss.org\/en\/wp-json\/wp\/v2\/types\/post"}],"author":[{"embeddable":true,"href":"https:\/\/www.clayss.org\/en\/wp-json\/wp\/v2\/users\/4"}],"replies":[{"embeddable":true,"href":"https:\/\/www.clayss.org\/en\/wp-json\/wp\/v2\/comments?post=7117"}],"version-history":[{"count":2,"href":"https:\/\/www.clayss.org\/en\/wp-json\/wp\/v2\/posts\/7117\/revisions"}],"predecessor-version":[{"id":7119,"href":"https:\/\/www.clayss.org\/en\/wp-json\/wp\/v2\/posts\/7117\/revisions\/7119"}],"wp:featuredmedia":[{"embeddable":true,"href":"https:\/\/www.clayss.org\/en\/wp-json\/wp\/v2\/media\/6986"}],"wp:attachment":[{"href":"https:\/\/www.clayss.org\/en\/wp-json\/wp\/v2\/media?parent=7117"}],"wp:term":[{"taxonomy":"category","embeddable":true,"href":"https:\/\/www.clayss.org\/en\/wp-json\/wp\/v2\/categories?post=7117"},{"taxonomy":"post_tag","embeddable":true,"href":"https:\/\/www.clayss.org\/en\/wp-json\/wp\/v2\/tags?post=7117"}],"curies":[{"name":"wp","href":"https:\/\/api.w.org\/{rel}","templated":true}]}}